{"id":465,"date":"2015-07-14T13:05:52","date_gmt":"2015-07-14T13:05:52","guid":{"rendered":"http:\/\/galeriadosleoes.fba.up.pt\/?p=465"},"modified":"2015-07-14T13:05:52","modified_gmt":"2015-07-14T13:05:52","slug":"uso-e-funcoes-do-desenho-nas-oficinas-italianas","status":"publish","type":"post","link":"https:\/\/galeriadosleoes.fba.up.pt\/?p=465","title":{"rendered":"Uso e Fun\u00e7\u00f5es do Desenho nas Oficinas Italianas"},"content":{"rendered":"<h2>09.06 \u2013 27.06.2015<\/h2>\n<p><!--more--><\/p>\n<p><img loading=\"lazy\" decoding=\"async\" class=\"alignnone size-full wp-image-466\" src=\"http:\/\/galeriadosleoes.fba.up.pt\/wp-content\/uploads\/2015\/07\/cartaz_UEFDDNOI.jpg\" alt=\"UEFDDNOI\" width=\"707\" height=\"997\" srcset=\"https:\/\/galeriadosleoes.fba.up.pt\/wp-content\/uploads\/2015\/07\/cartaz_UEFDDNOI.jpg 707w, https:\/\/galeriadosleoes.fba.up.pt\/wp-content\/uploads\/2015\/07\/cartaz_UEFDDNOI-213x300.jpg 213w\" sizes=\"auto, (max-width: 707px) 100vw, 707px\" \/><\/p>\n<p>Uso e Fun\u00e7\u00f5es do Desenho nas Oficinas Italianas (s\u00e9c. XVI a XVIII) &#8211; exposi\u00e7\u00e3o de Desenho Antigo pertencente ao acervo da FBAUP, inaugura no dia 9 de junho de 2015, \u00e0s 18h, na Galeria dos Le\u00f5es, no Edif\u00edcio da Reitoria da Universidade do Porto. Uma iniciativa conjunta da Associazione Socio-Culturale Italiana del Portogallo e da Universidade do Porto no \u00e2mbito da Semana da Cultura Italiana no Porto.<\/p>\n<p>Numa oficina renascentista, maneirista ou barroca, o desenho intervinha em todos os est\u00e1dios, n\u00e3o s\u00f3 da forma\u00e7\u00e3o da futura obra de arte como da forma\u00e7\u00e3o do futuro artista. Esta mostra de 15 desenhos italianos da colec\u00e7\u00e3o de desenho antigo da Faculdade de Belas Artes da U. Porto, seleccionados por M\u00e1rio Bismarck, prop\u00f5e a sua visualiza\u00e7\u00e3o enquanto momentos e fragmentos extra\u00eddos da continuidade de um labor: focando-se na utiliza\u00e7\u00e3o do desenho como um meio e um instrumento \u00fatil de forma\u00e7\u00e3o de pensamento visual, convida ao um entendimento dos usos e fun\u00e7\u00f5es do(s) desenho(s) no espa\u00e7o operativo da oficina.<\/p>\n","protected":false},"excerpt":{"rendered":"<p>09.06 \u2013 27.06.2015<\/p>\n","protected":false},"author":1,"featured_media":0,"comment_status":"open","ping_status":"open","sticky":false,"template":"","format":"standard","meta":{"footnotes":""},"categories":[131,12,3],"tags":[141,68],"class_list":["post-465","post","type-post","status-publish","format-standard","hentry","category-131","category-archive","category-galeria-dos-leoes","tag-associazione-socio-culturale-italiana-del-portogallo","tag-mario-bismarck"],"_links":{"self":[{"href":"https:\/\/galeriadosleoes.fba.up.pt\/index.php?rest_route=\/wp\/v2\/posts\/465","targetHints":{"allow":["GET"]}}],"collection":[{"href":"https:\/\/galeriadosleoes.fba.up.pt\/index.php?rest_route=\/wp\/v2\/posts"}],"about":[{"href":"https:\/\/galeriadosleoes.fba.up.pt\/index.php?rest_route=\/wp\/v2\/types\/post"}],"author":[{"embeddable":true,"href":"https:\/\/galeriadosleoes.fba.up.pt\/index.php?rest_route=\/wp\/v2\/users\/1"}],"replies":[{"embeddable":true,"href":"https:\/\/galeriadosleoes.fba.up.pt\/index.php?rest_route=%2Fwp%2Fv2%2Fcomments&post=465"}],"version-history":[{"count":1,"href":"https:\/\/galeriadosleoes.fba.up.pt\/index.php?rest_route=\/wp\/v2\/posts\/465\/revisions"}],"predecessor-version":[{"id":467,"href":"https:\/\/galeriadosleoes.fba.up.pt\/index.php?rest_route=\/wp\/v2\/posts\/465\/revisions\/467"}],"wp:attachment":[{"href":"https:\/\/galeriadosleoes.fba.up.pt\/index.php?rest_route=%2Fwp%2Fv2%2Fmedia&parent=465"}],"wp:term":[{"taxonomy":"category","embeddable":true,"href":"https:\/\/galeriadosleoes.fba.up.pt\/index.php?rest_route=%2Fwp%2Fv2%2Fcategories&post=465"},{"taxonomy":"post_tag","embeddable":true,"href":"https:\/\/galeriadosleoes.fba.up.pt\/index.php?rest_route=%2Fwp%2Fv2%2Ftags&post=465"}],"curies":[{"name":"wp","href":"https:\/\/api.w.org\/{rel}","templated":true}]}}